[{"@context":"https:\/\/schema.org\/","@type":"Article","@id":"https:\/\/www.markyzjohn.cz\/nabidka-dovolene-v-chorvatsku-a-cerne-hore\/#Article","mainEntityOfPage":"https:\/\/www.markyzjohn.cz\/nabidka-dovolene-v-chorvatsku-a-cerne-hore\/","headline":"Nab\u00eddka dovolen\u00e9 v Chorvatsku a \u010cern\u00e9 Ho\u0159e","name":"Nab\u00eddka dovolen\u00e9 v Chorvatsku a \u010cern\u00e9 Ho\u0159e","description":"P\u0159ijm\u011bte pozv\u00e1n\u00ed na dovolenou do Chorvatska nebo \u010cern\u00e9 Hory. Nab\u00edz\u00edme pobyty na jihu chorvatsk\u00e9ho pob\u0159e\u017e\u00ed v Dalm\u00e1cii a tak\u00e9 v \u010cern\u00e9 Ho\u0159e. Vybrat si m\u016f\u017eete pobyt v severn\u00ed, st\u0159edn\u00ed nebo ji\u017en\u00ed Dalm\u00e1cii nebo v \u010cern\u00e9 Ho\u0159e. V\u0161ude na v\u00e1s \u010dek\u00e1 jedine\u010dn\u00e1 \u010darokr\u00e1sn\u00e1 p\u0159\u00edroda, k\u0159i\u0161\u0165\u00e1lov\u011b \u010dist\u00e9 mo\u0159e a nekone\u010dn\u00e9 pl\u00e1\u017ee. Chorvatsko apartm\u00e1ny se na v\u00e1s velmi [&hellip;]","datePublished":"2025-01-03","dateModified":"2025-01-03","author":{"@type":"Person","@id":"https:\/\/www.markyzjohn.cz\/author\/#Person","name":"markyzjohn.cz\n","url":"https:\/\/www.markyzjohn.cz\/author\/","identifier":1,"image":{"@type":"ImageObject","@id":"https:\/\/secure.gravatar.com\/avatar\/91506ed60e31abe586276a3e1420719df081581a820344a28fa2034bb1a2fe22?s=96&d=mm&r=g","url":"https:\/\/secure.gravatar.com\/avatar\/91506ed60e31abe586276a3e1420719df081581a820344a28fa2034bb1a2fe22?s=96&d=mm&r=g","height":96,"width":96}},"publisher":{"@type":"Organization","name":"markyzjohn.cz","logo":{"@type":"ImageObject","@id":"\/logo.png","url":"\/logo.png","width":600,"height":60}},"url":"https:\/\/www.markyzjohn.cz\/nabidka-dovolene-v-chorvatsku-a-cerne-hore\/","wordCount":178,"articleBody":" P\u0159ijm\u011bte pozv\u00e1n\u00ed na dovolenou do Chorvatska nebo \u010cern\u00e9 Hory. Nab\u00edz\u00edme pobyty na jihu chorvatsk\u00e9ho pob\u0159e\u017e\u00ed v Dalm\u00e1cii a tak\u00e9 v \u010cern\u00e9 Ho\u0159e. Vybrat si m\u016f\u017eete pobyt v severn\u00ed, st\u0159edn\u00ed nebo ji\u017en\u00ed Dalm\u00e1cii nebo v \u010cern\u00e9 Ho\u0159e. V\u0161ude na v\u00e1s \u010dek\u00e1 jedine\u010dn\u00e1 \u010darokr\u00e1sn\u00e1 p\u0159\u00edroda, k\u0159i\u0161\u0165\u00e1lov\u011b \u010dist\u00e9 mo\u0159e a nekone\u010dn\u00e9 pl\u00e1\u017ee. Chorvatsko apartm\u00e1ny se na v\u00e1s velmi t\u011b\u0161\u00ed. Velk\u00fd v\u00fdb\u011br pobyt\u016f v Chorvatsku a \u010cern\u00e9 Ho\u0159e P\u0159ij\u010fte si k n\u00e1m vybrat n\u011bkter\u00fd z pobyt\u016f v Chorvatsku nebo v \u010cern\u00e9 Ho\u0159e. \u010cekaj\u00ed na v\u00e1s l\u00e1kav\u00e1 letoviska v severn\u00ed, st\u0159edn\u00ed i ji\u017en\u00ed Dalm\u00e1cii a tak\u00e9 v \u010cern\u00e9 Ho\u0159e. Zkuste je vyu\u017e\u00edt. Pokud nev\u00edte, do jak\u00e9ho letoviska chcete jet, porad\u00edme v\u00e1m. Rozhodnut\u00ed v\u0161ak stejn\u011b mus\u00edte u\u010dinit sami. Tak nev\u00e1hejte a zastavte se u n\u00e1s. Chorvatsko apartm\u00e1ny na v\u00e1s \u010dekaj\u00ed.                                                                                                                                                                                                                                                                                                                                                                                        4.6\/5 - (5 votes)        "},{"@context":"https:\/\/schema.org\/","@type":"BreadcrumbList","itemListElement":[{"@type":"ListItem","position":1,"name":"Nab\u00eddka dovolen\u00e9 v Chorvatsku a \u010cern\u00e9 Ho\u0159e","item":"https:\/\/www.markyzjohn.cz\/nabidka-dovolene-v-chorvatsku-a-cerne-hore\/#breadcrumbitem"}]}]