[{"@context":"https:\/\/schema.org\/","@type":"Article","@id":"https:\/\/www.markyzjohn.cz\/slunicko-sviti-je-krasny-den\/#Article","mainEntityOfPage":"https:\/\/www.markyzjohn.cz\/slunicko-sviti-je-krasny-den\/","headline":"Slun\u00ed\u010dko sv\u00edt\u00ed, je kr\u00e1sn\u00fd den","name":"Slun\u00ed\u010dko sv\u00edt\u00ed, je kr\u00e1sn\u00fd den","description":"Tak co takhle si jej neud\u011blat je\u0161t\u011b lep\u0161\u00ed? Pro\u010d m\u00edt neust\u00e1le \u0161patnou n\u00e1ladu, kdy\u017e m\u016f\u017eete m\u00edt dobrou? Co k tomu p\u0159isp\u00edv\u00e1? To je jednoduch\u00e9. Nesm\u00edte se podce\u0148ovat ani \u017e\u00e1dn\u00fdm jin\u00fdm zp\u016fsobem shazovat. Obzvl\u00e1\u0161t\u011b to plat\u00ed v p\u0159\u00edpad\u011b mu\u017e\u016f, kte\u0159\u00ed se velice r\u00e1di a \u010dasto py\u0161n\u00ed n\u011bjakou svou chloubou, proto\u017ee oni kdy\u017e n\u011bco dok\u00e1\u017eou, tak jde [&hellip;]","datePublished":"2024-12-03","dateModified":"2024-12-03","author":{"@type":"Person","@id":"https:\/\/www.markyzjohn.cz\/author\/#Person","name":"markyzjohn.cz\n","url":"https:\/\/www.markyzjohn.cz\/author\/","identifier":1,"image":{"@type":"ImageObject","@id":"https:\/\/secure.gravatar.com\/avatar\/91506ed60e31abe586276a3e1420719df081581a820344a28fa2034bb1a2fe22?s=96&d=mm&r=g","url":"https:\/\/secure.gravatar.com\/avatar\/91506ed60e31abe586276a3e1420719df081581a820344a28fa2034bb1a2fe22?s=96&d=mm&r=g","height":96,"width":96}},"publisher":{"@type":"Organization","name":"markyzjohn.cz","logo":{"@type":"ImageObject","@id":"\/logo.png","url":"\/logo.png","width":600,"height":60}},"url":"https:\/\/www.markyzjohn.cz\/slunicko-sviti-je-krasny-den\/","wordCount":303,"articleBody":" Tak co takhle si jej neud\u011blat je\u0161t\u011b lep\u0161\u00ed? Pro\u010d m\u00edt neust\u00e1le \u0161patnou n\u00e1ladu, kdy\u017e m\u016f\u017eete m\u00edt dobrou? Co k tomu p\u0159isp\u00edv\u00e1? To je jednoduch\u00e9. Nesm\u00edte se podce\u0148ovat ani \u017e\u00e1dn\u00fdm jin\u00fdm zp\u016fsobem shazovat. Obzvl\u00e1\u0161t\u011b to plat\u00ed v p\u0159\u00edpad\u011b mu\u017e\u016f, kte\u0159\u00ed se velice r\u00e1di a \u010dasto py\u0161n\u00ed n\u011bjakou svou chloubou, proto\u017ee oni kdy\u017e n\u011bco dok\u00e1\u017eou, tak jde p\u0159eci v\u017edy o n\u011bco velk\u00e9ho, ale pokud jsou n\u00e1hodou z n\u011b\u010deho v depresi, tak to necht\u011bjte v\u011bd\u011bt, co se d\u011bje ani je vid\u011bt. To se potom d\u011bj\u00ed v\u011bci. Tak\u017ee pokud je takto kr\u00e1sn\u00fd den, tak si jej je\u0161t\u011b zpest\u0159ete a nemyslete na probl\u00e9my, n\u00fdbr\u017e na n\u011bjak\u00e9 kr\u00e1sn\u00e9 v\u011bci, jak byste si sv\u016fj den mohli s partnerkou je\u0161t\u011b v\u00edce zp\u0159\u00edjemnit. S ni\u010d\u00edm se nesv\u011b\u0159uj\u00ed A jak tedy d\u00e1my maj\u00ed poznat, co se s v\u00e1mi vlastn\u011b d\u011bje? Nen\u00ed jednoduch\u00e9 \u010d\u00edst n\u011bkomu my\u0161lenky, a i kdy\u017e si mysl\u00edte, \u017ee \u017eeny to um\u011bj\u00ed, tak neum\u011bj\u00ed. Bohu\u017eel n\u011bkdy poznaj\u00ed sv\u00fdm \u0161est\u00fdm smyslem, co se d\u011bje, ale jsou situace, na kter\u00e9 jsme i my se sv\u00fdmi schopnostmi kr\u00e1tk\u00e9. Sv\u011b\u0159it se p\u0159eci nen\u00ed nic \u0161patn\u00e9ho a uvid\u00edte, jak\u00fd kladn\u00fd \u00fa\u010dinek to na v\u00e1s m\u016f\u017ee m\u00edt. Pokud m\u00e1te p\u00e1nov\u00e9 n\u011bjak\u00fd probl\u00e9m, tak se o n\u011bm sta\u010d\u00ed zm\u00ednit. M\u016f\u017ee se jednat o cokoliv intimn\u00edho, proto\u017ee s t\u00edm se velice r\u00e1di nesv\u011b\u0159ujte a \u010dasto jde o poruchy erekce \u010di cokoliv podobn\u00e9ho.                                                                                                                                                                                                                                                                                                                                                                                        4\/5 - (1 vote)        "},{"@context":"https:\/\/schema.org\/","@type":"BreadcrumbList","itemListElement":[{"@type":"ListItem","position":1,"name":"Slun\u00ed\u010dko sv\u00edt\u00ed, je kr\u00e1sn\u00fd den","item":"https:\/\/www.markyzjohn.cz\/slunicko-sviti-je-krasny-den\/#breadcrumbitem"}]}]